{"id":47028,"date":"2025-09-11T19:37:42","date_gmt":"2025-09-11T19:37:42","guid":{"rendered":"https:\/\/mexicopublica.mx\/?p=47028"},"modified":"2025-09-11T19:37:43","modified_gmt":"2025-09-11T19:37:43","slug":"david-zamora-bueno-consolida-infraestructura-con-vision-de-futuro-en-jalisco","status":"publish","type":"post","link":"https:\/\/mexicopublica.mx\/en\/david-zamora-bueno-consolida-infraestructura-con-vision-de-futuro-en-jalisco\/","title":{"rendered":"David Zamora Bueno consolida infraestructura con visi\u00f3n de futuro en Jalisco"},"content":{"rendered":"<p>Guadalajara, Jal.\u2013 El ingeniero&nbsp;<strong>David Zamora Bueno<\/strong>, titular de la Secretar\u00eda de Infraestructura y Obra P\u00fablica (SIOP) de Jalisco, se ha consolidado como una de las figuras clave en el desarrollo del estado gracias a su liderazgo y amplia trayectoria en el \u00e1mbito de la construcci\u00f3n y la gesti\u00f3n p\u00fablica.<\/p>\n\n\n\n<p>Su carrera ha estado marcada por la planeaci\u00f3n y ejecuci\u00f3n de proyectos que buscan no solo modernizar, sino tambi\u00e9n mejorar la calidad de vida de la ciudadan\u00eda. Bajo su direcci\u00f3n, la SIOP ha encabezado un plan de trabajo que combina eficiencia t\u00e9cnica con sensibilidad social, llevando obras a cada rinc\u00f3n del estado.<\/p>\n\n\n\n<p>Entre los logros m\u00e1s destacados de su gesti\u00f3n se encuentran la rehabilitaci\u00f3n de carreteras y vialidades que han fortalecido la conectividad regional, haciendo los traslados m\u00e1s seguros y r\u00e1pidos. Asimismo, la modernizaci\u00f3n de calles urbanas ha permitido mejorar la movilidad en zonas metropolitanas, respondiendo al crecimiento poblacional y al dinamismo econ\u00f3mico de Jalisco.<\/p>\n\n\n\n<p>El impacto de su trabajo tambi\u00e9n se refleja en el \u00e1mbito de la salud, con la remodelaci\u00f3n y construcci\u00f3n de hospitales y centros de atenci\u00f3n m\u00e9dica, espacios que hoy brindan servicios de mayor calidad y dignidad a miles de familias.<\/p>\n\n\n\n<p>Zamora Bueno ha demostrado que su liderazgo no solo se mide en proyectos terminados, sino en la visi\u00f3n integral que impulsa desde la SIOP, crear una infraestructura moderna, accesible y con un enfoque humano. Su cercan\u00eda con la gente, as\u00ed como su coordinaci\u00f3n con otros niveles de gobierno, han sido factores determinantes en la consolidaci\u00f3n de resultados.<\/p>\n\n\n\n<p>Con cada obra entregada, David Zamora Bueno reafirma que la infraestructura es motor de desarrollo social y econ\u00f3mico, y que en Jalisco, el futuro se construye con responsabilidad, innovaci\u00f3n y compromiso.<\/p>\n\n\n\n<p><\/p>","protected":false},"excerpt":{"rendered":"<p>Guadalajara, Jal.\u2013 El ingeniero&nbsp;David Zamora Bueno, titular de la Secretar\u00eda de Infraestructura y Obra P\u00fablica (SIOP) de Jalisco, se ha consolidado como una de las figuras clave en el desarrollo del estado gracias a su liderazgo y amplia trayectoria en el \u00e1mbito de la construcci\u00f3n y la gesti\u00f3n p\u00fablica. Su carrera ha estado marcada por [&hellip;]<\/p>\n","protected":false},"author":1,"featured_media":47029,"comment_status":"closed","ping_status":"open","sticky":false,"template":"","format":"standard","meta":{"footnotes":""},"categories":[21],"tags":[],"class_list":["post-47028","post","type-post","status-publish","format-standard","has-post-thumbnail","hentry","category-jalisco"],"yoast_head":"<!-- This site is optimized with the Yoast SEO plugin v27.4 - https:\/\/yoast.com\/product\/yoast-seo-wordpress\/ -->\n<title>David Zamora Bueno consolida infraestructura con visi\u00f3n de futuro en Jalisco - Grupo M\u00e9xico Publica<\/title>\n<meta name=\"description\" content=\"Zamora Bueno ha demostrado que su liderazgo no solo se mide en proyectos terminados, sino en la visi\u00f3n integral que impulsa desde la SIOP\" \/>\n<meta name=\"robots\" content=\"index, follow, max-snippet:-1, max-image-preview:large, max-video-preview:-1\" \/>\n<link rel=\"canonical\" href=\"https:\/\/mexicopublica.mx\/en\/david-zamora-bueno-consolida-infraestructura-con-vision-de-futuro-en-jalisco\/\" \/>\n<meta property=\"og:locale\" content=\"en_US\" \/>\n<meta property=\"og:type\" content=\"article\" \/>\n<meta property=\"og:title\" content=\"David Zamora Bueno consolida infraestructura con visi\u00f3n de futuro en Jalisco - Grupo M\u00e9xico Publica\" \/>\n<meta property=\"og:description\" content=\"Zamora Bueno ha demostrado que su liderazgo no solo se mide en proyectos terminados, sino en la visi\u00f3n integral que impulsa desde la SIOP\" \/>\n<meta property=\"og:url\" content=\"https:\/\/mexicopublica.mx\/en\/david-zamora-bueno-consolida-infraestructura-con-vision-de-futuro-en-jalisco\/\" \/>\n<meta property=\"og:site_name\" content=\"Grupo M\u00e9xico Publica\" \/>\n<meta property=\"article:published_time\" content=\"2025-09-11T19:37:42+00:00\" \/>\n<meta property=\"article:modified_time\" content=\"2025-09-11T19:37:43+00:00\" \/>\n<meta property=\"og:image\" content=\"https:\/\/mexicopublica.mx\/wp-content\/uploads\/2025\/09\/544621384_1187489043197216_7114140796915935868_n.jpg\" \/>\n\t<meta property=\"og:image:width\" content=\"1280\" \/>\n\t<meta property=\"og:image:height\" content=\"853\" \/>\n\t<meta property=\"og:image:type\" content=\"image\/jpeg\" \/>\n<meta name=\"author\" content=\"Redacci\u00f3n GMP\" \/>\n<meta name=\"twitter:card\" content=\"summary_large_image\" \/>\n<meta name=\"twitter:label1\" content=\"Written by\" \/>\n\t<meta name=\"twitter:data1\" content=\"Redacci\u00f3n GMP\" \/>\n\t<meta name=\"twitter:label2\" content=\"Est. reading time\" \/>\n\t<meta name=\"twitter:data2\" content=\"2 minutes\" \/>\n<script type=\"application\/ld+json\" class=\"yoast-schema-graph\">{\"@context\":\"https:\\\/\\\/schema.org\",\"@graph\":[{\"@type\":\"Article\",\"@id\":\"https:\\\/\\\/mexicopublica.mx\\\/david-zamora-bueno-consolida-infraestructura-con-vision-de-futuro-en-jalisco\\\/#article\",\"isPartOf\":{\"@id\":\"https:\\\/\\\/mexicopublica.mx\\\/david-zamora-bueno-consolida-infraestructura-con-vision-de-futuro-en-jalisco\\\/\"},\"author\":{\"name\":\"Redacci\u00f3n GMP\",\"@id\":\"https:\\\/\\\/mexicopublica.mx\\\/#\\\/schema\\\/person\\\/8b41fbd46156fcf0b2abd48acec9671c\"},\"headline\":\"David Zamora Bueno consolida infraestructura con visi\u00f3n de futuro en Jalisco\",\"datePublished\":\"2025-09-11T19:37:42+00:00\",\"dateModified\":\"2025-09-11T19:37:43+00:00\",\"mainEntityOfPage\":{\"@id\":\"https:\\\/\\\/mexicopublica.mx\\\/david-zamora-bueno-consolida-infraestructura-con-vision-de-futuro-en-jalisco\\\/\"},\"wordCount\":326,\"publisher\":{\"@id\":\"https:\\\/\\\/mexicopublica.mx\\\/#organization\"},\"image\":{\"@id\":\"https:\\\/\\\/mexicopublica.mx\\\/david-zamora-bueno-consolida-infraestructura-con-vision-de-futuro-en-jalisco\\\/#primaryimage\"},\"thumbnailUrl\":\"https:\\\/\\\/mexicopublica.mx\\\/wp-content\\\/uploads\\\/2025\\\/09\\\/544621384_1187489043197216_7114140796915935868_n.jpg\",\"articleSection\":[\"Jalisco\"],\"inLanguage\":\"en-US\"},{\"@type\":\"WebPage\",\"@id\":\"https:\\\/\\\/mexicopublica.mx\\\/david-zamora-bueno-consolida-infraestructura-con-vision-de-futuro-en-jalisco\\\/\",\"url\":\"https:\\\/\\\/mexicopublica.mx\\\/david-zamora-bueno-consolida-infraestructura-con-vision-de-futuro-en-jalisco\\\/\",\"name\":\"David Zamora Bueno consolida infraestructura con visi\u00f3n de futuro en Jalisco - Grupo M\u00e9xico Publica\",\"isPartOf\":{\"@id\":\"https:\\\/\\\/mexicopublica.mx\\\/#website\"},\"primaryImageOfPage\":{\"@id\":\"https:\\\/\\\/mexicopublica.mx\\\/david-zamora-bueno-consolida-infraestructura-con-vision-de-futuro-en-jalisco\\\/#primaryimage\"},\"image\":{\"@id\":\"https:\\\/\\\/mexicopublica.mx\\\/david-zamora-bueno-consolida-infraestructura-con-vision-de-futuro-en-jalisco\\\/#primaryimage\"},\"thumbnailUrl\":\"https:\\\/\\\/mexicopublica.mx\\\/wp-content\\\/uploads\\\/2025\\\/09\\\/544621384_1187489043197216_7114140796915935868_n.jpg\",\"datePublished\":\"2025-09-11T19:37:42+00:00\",\"dateModified\":\"2025-09-11T19:37:43+00:00\",\"description\":\"Zamora Bueno ha demostrado que su liderazgo no solo se mide en proyectos terminados, sino en la visi\u00f3n integral que impulsa desde la SIOP\",\"breadcrumb\":{\"@id\":\"https:\\\/\\\/mexicopublica.mx\\\/david-zamora-bueno-consolida-infraestructura-con-vision-de-futuro-en-jalisco\\\/#breadcrumb\"},\"inLanguage\":\"en-US\",\"potentialAction\":[{\"@type\":\"ReadAction\",\"target\":[\"https:\\\/\\\/mexicopublica.mx\\\/david-zamora-bueno-consolida-infraestructura-con-vision-de-futuro-en-jalisco\\\/\"]}]},{\"@type\":\"ImageObject\",\"inLanguage\":\"en-US\",\"@id\":\"https:\\\/\\\/mexicopublica.mx\\\/david-zamora-bueno-consolida-infraestructura-con-vision-de-futuro-en-jalisco\\\/#primaryimage\",\"url\":\"https:\\\/\\\/mexicopublica.mx\\\/wp-content\\\/uploads\\\/2025\\\/09\\\/544621384_1187489043197216_7114140796915935868_n.jpg\",\"contentUrl\":\"https:\\\/\\\/mexicopublica.mx\\\/wp-content\\\/uploads\\\/2025\\\/09\\\/544621384_1187489043197216_7114140796915935868_n.jpg\",\"width\":1280,\"height\":853,\"caption\":\"siop\"},{\"@type\":\"BreadcrumbList\",\"@id\":\"https:\\\/\\\/mexicopublica.mx\\\/david-zamora-bueno-consolida-infraestructura-con-vision-de-futuro-en-jalisco\\\/#breadcrumb\",\"itemListElement\":[{\"@type\":\"ListItem\",\"position\":1,\"name\":\"Portada\",\"item\":\"https:\\\/\\\/mexicopublica.mx\\\/\"},{\"@type\":\"ListItem\",\"position\":2,\"name\":\"David Zamora Bueno consolida infraestructura con visi\u00f3n de futuro en Jalisco\"}]},{\"@type\":\"WebSite\",\"@id\":\"https:\\\/\\\/mexicopublica.mx\\\/#website\",\"url\":\"https:\\\/\\\/mexicopublica.mx\\\/\",\"name\":\"M\u00e9xico Publica\",\"description\":\"Noticias\",\"publisher\":{\"@id\":\"https:\\\/\\\/mexicopublica.mx\\\/#organization\"},\"potentialAction\":[{\"@type\":\"SearchAction\",\"target\":{\"@type\":\"EntryPoint\",\"urlTemplate\":\"https:\\\/\\\/mexicopublica.mx\\\/?s={search_term_string}\"},\"query-input\":{\"@type\":\"PropertyValueSpecification\",\"valueRequired\":true,\"valueName\":\"search_term_string\"}}],\"inLanguage\":\"en-US\"},{\"@type\":\"Organization\",\"@id\":\"https:\\\/\\\/mexicopublica.mx\\\/#organization\",\"name\":\"M\u00e9xico Publica\",\"url\":\"https:\\\/\\\/mexicopublica.mx\\\/\",\"logo\":{\"@type\":\"ImageObject\",\"inLanguage\":\"en-US\",\"@id\":\"https:\\\/\\\/mexicopublica.mx\\\/#\\\/schema\\\/logo\\\/image\\\/\",\"url\":\"https:\\\/\\\/mexicopublica.mx\\\/wp-content\\\/uploads\\\/2025\\\/08\\\/logo-gmp-web.webp\",\"contentUrl\":\"https:\\\/\\\/mexicopublica.mx\\\/wp-content\\\/uploads\\\/2025\\\/08\\\/logo-gmp-web.webp\",\"width\":1200,\"height\":1200,\"caption\":\"M\u00e9xico Publica\"},\"image\":{\"@id\":\"https:\\\/\\\/mexicopublica.mx\\\/#\\\/schema\\\/logo\\\/image\\\/\"}},{\"@type\":\"Person\",\"@id\":\"https:\\\/\\\/mexicopublica.mx\\\/#\\\/schema\\\/person\\\/8b41fbd46156fcf0b2abd48acec9671c\",\"name\":\"Redacci\u00f3n GMP\",\"image\":{\"@type\":\"ImageObject\",\"inLanguage\":\"en-US\",\"@id\":\"https:\\\/\\\/mexicopublica.mx\\\/wp-content\\\/litespeed\\\/avatar\\\/98c818392d248c4b05a88515bb6bd9b6.jpg?ver=1777078743\",\"url\":\"https:\\\/\\\/mexicopublica.mx\\\/wp-content\\\/litespeed\\\/avatar\\\/98c818392d248c4b05a88515bb6bd9b6.jpg?ver=1777078743\",\"contentUrl\":\"https:\\\/\\\/mexicopublica.mx\\\/wp-content\\\/litespeed\\\/avatar\\\/98c818392d248c4b05a88515bb6bd9b6.jpg?ver=1777078743\",\"caption\":\"Redacci\u00f3n GMP\"},\"sameAs\":[\"https:\\\/\\\/mexicopublica.mx\"]}]}<\/script>\n<!-- \/ Yoast SEO plugin. -->","yoast_head_json":{"title":"David Zamora Bueno consolida infraestructura con visi\u00f3n de futuro en Jalisco - Grupo M\u00e9xico Publica","description":"Zamora Bueno ha demostrado que su liderazgo no solo se mide en proyectos terminados, sino en la visi\u00f3n integral que impulsa desde la SIOP","robots":{"index":"index","follow":"follow","max-snippet":"max-snippet:-1","max-image-preview":"max-image-preview:large","max-video-preview":"max-video-preview:-1"},"canonical":"https:\/\/mexicopublica.mx\/en\/david-zamora-bueno-consolida-infraestructura-con-vision-de-futuro-en-jalisco\/","og_locale":"en_US","og_type":"article","og_title":"David Zamora Bueno consolida infraestructura con visi\u00f3n de futuro en Jalisco - Grupo M\u00e9xico Publica","og_description":"Zamora Bueno ha demostrado que su liderazgo no solo se mide en proyectos terminados, sino en la visi\u00f3n integral que impulsa desde la SIOP","og_url":"https:\/\/mexicopublica.mx\/en\/david-zamora-bueno-consolida-infraestructura-con-vision-de-futuro-en-jalisco\/","og_site_name":"Grupo M\u00e9xico Publica","article_published_time":"2025-09-11T19:37:42+00:00","article_modified_time":"2025-09-11T19:37:43+00:00","og_image":[{"width":1280,"height":853,"url":"https:\/\/mexicopublica.mx\/wp-content\/uploads\/2025\/09\/544621384_1187489043197216_7114140796915935868_n.jpg","type":"image\/jpeg"}],"author":"Redacci\u00f3n GMP","twitter_card":"summary_large_image","twitter_misc":{"Written by":"Redacci\u00f3n GMP","Est. reading time":"2 minutes"},"schema":{"@context":"https:\/\/schema.org","@graph":[{"@type":"Article","@id":"https:\/\/mexicopublica.mx\/david-zamora-bueno-consolida-infraestructura-con-vision-de-futuro-en-jalisco\/#article","isPartOf":{"@id":"https:\/\/mexicopublica.mx\/david-zamora-bueno-consolida-infraestructura-con-vision-de-futuro-en-jalisco\/"},"author":{"name":"Redacci\u00f3n GMP","@id":"https:\/\/mexicopublica.mx\/#\/schema\/person\/8b41fbd46156fcf0b2abd48acec9671c"},"headline":"David Zamora Bueno consolida infraestructura con visi\u00f3n de futuro en Jalisco","datePublished":"2025-09-11T19:37:42+00:00","dateModified":"2025-09-11T19:37:43+00:00","mainEntityOfPage":{"@id":"https:\/\/mexicopublica.mx\/david-zamora-bueno-consolida-infraestructura-con-vision-de-futuro-en-jalisco\/"},"wordCount":326,"publisher":{"@id":"https:\/\/mexicopublica.mx\/#organization"},"image":{"@id":"https:\/\/mexicopublica.mx\/david-zamora-bueno-consolida-infraestructura-con-vision-de-futuro-en-jalisco\/#primaryimage"},"thumbnailUrl":"https:\/\/mexicopublica.mx\/wp-content\/uploads\/2025\/09\/544621384_1187489043197216_7114140796915935868_n.jpg","articleSection":["Jalisco"],"inLanguage":"en-US"},{"@type":"WebPage","@id":"https:\/\/mexicopublica.mx\/david-zamora-bueno-consolida-infraestructura-con-vision-de-futuro-en-jalisco\/","url":"https:\/\/mexicopublica.mx\/david-zamora-bueno-consolida-infraestructura-con-vision-de-futuro-en-jalisco\/","name":"David Zamora Bueno consolida infraestructura con visi\u00f3n de futuro en Jalisco - Grupo M\u00e9xico Publica","isPartOf":{"@id":"https:\/\/mexicopublica.mx\/#website"},"primaryImageOfPage":{"@id":"https:\/\/mexicopublica.mx\/david-zamora-bueno-consolida-infraestructura-con-vision-de-futuro-en-jalisco\/#primaryimage"},"image":{"@id":"https:\/\/mexicopublica.mx\/david-zamora-bueno-consolida-infraestructura-con-vision-de-futuro-en-jalisco\/#primaryimage"},"thumbnailUrl":"https:\/\/mexicopublica.mx\/wp-content\/uploads\/2025\/09\/544621384_1187489043197216_7114140796915935868_n.jpg","datePublished":"2025-09-11T19:37:42+00:00","dateModified":"2025-09-11T19:37:43+00:00","description":"Zamora Bueno ha demostrado que su liderazgo no solo se mide en proyectos terminados, sino en la visi\u00f3n integral que impulsa desde la SIOP","breadcrumb":{"@id":"https:\/\/mexicopublica.mx\/david-zamora-bueno-consolida-infraestructura-con-vision-de-futuro-en-jalisco\/#breadcrumb"},"inLanguage":"en-US","potentialAction":[{"@type":"ReadAction","target":["https:\/\/mexicopublica.mx\/david-zamora-bueno-consolida-infraestructura-con-vision-de-futuro-en-jalisco\/"]}]},{"@type":"ImageObject","inLanguage":"en-US","@id":"https:\/\/mexicopublica.mx\/david-zamora-bueno-consolida-infraestructura-con-vision-de-futuro-en-jalisco\/#primaryimage","url":"https:\/\/mexicopublica.mx\/wp-content\/uploads\/2025\/09\/544621384_1187489043197216_7114140796915935868_n.jpg","contentUrl":"https:\/\/mexicopublica.mx\/wp-content\/uploads\/2025\/09\/544621384_1187489043197216_7114140796915935868_n.jpg","width":1280,"height":853,"caption":"siop"},{"@type":"BreadcrumbList","@id":"https:\/\/mexicopublica.mx\/david-zamora-bueno-consolida-infraestructura-con-vision-de-futuro-en-jalisco\/#breadcrumb","itemListElement":[{"@type":"ListItem","position":1,"name":"Portada","item":"https:\/\/mexicopublica.mx\/"},{"@type":"ListItem","position":2,"name":"David Zamora Bueno consolida infraestructura con visi\u00f3n de futuro en Jalisco"}]},{"@type":"WebSite","@id":"https:\/\/mexicopublica.mx\/#website","url":"https:\/\/mexicopublica.mx\/","name":"M\u00e9xico Publica","description":"Noticias","publisher":{"@id":"https:\/\/mexicopublica.mx\/#organization"},"potentialAction":[{"@type":"SearchAction","target":{"@type":"EntryPoint","urlTemplate":"https:\/\/mexicopublica.mx\/?s={search_term_string}"},"query-input":{"@type":"PropertyValueSpecification","valueRequired":true,"valueName":"search_term_string"}}],"inLanguage":"en-US"},{"@type":"Organization","@id":"https:\/\/mexicopublica.mx\/#organization","name":"M\u00e9xico Publica","url":"https:\/\/mexicopublica.mx\/","logo":{"@type":"ImageObject","inLanguage":"en-US","@id":"https:\/\/mexicopublica.mx\/#\/schema\/logo\/image\/","url":"https:\/\/mexicopublica.mx\/wp-content\/uploads\/2025\/08\/logo-gmp-web.webp","contentUrl":"https:\/\/mexicopublica.mx\/wp-content\/uploads\/2025\/08\/logo-gmp-web.webp","width":1200,"height":1200,"caption":"M\u00e9xico Publica"},"image":{"@id":"https:\/\/mexicopublica.mx\/#\/schema\/logo\/image\/"}},{"@type":"Person","@id":"https:\/\/mexicopublica.mx\/#\/schema\/person\/8b41fbd46156fcf0b2abd48acec9671c","name":"Redacci\u00f3n GMP","image":{"@type":"ImageObject","inLanguage":"en-US","@id":"https:\/\/mexicopublica.mx\/wp-content\/litespeed\/avatar\/98c818392d248c4b05a88515bb6bd9b6.jpg?ver=1777078743","url":"https:\/\/mexicopublica.mx\/wp-content\/litespeed\/avatar\/98c818392d248c4b05a88515bb6bd9b6.jpg?ver=1777078743","contentUrl":"https:\/\/mexicopublica.mx\/wp-content\/litespeed\/avatar\/98c818392d248c4b05a88515bb6bd9b6.jpg?ver=1777078743","caption":"Redacci\u00f3n GMP"},"sameAs":["https:\/\/mexicopublica.mx"]}]}},"_links":{"self":[{"href":"https:\/\/mexicopublica.mx\/en\/wp-json\/wp\/v2\/posts\/47028","targetHints":{"allow":["GET"]}}],"collection":[{"href":"https:\/\/mexicopublica.mx\/en\/wp-json\/wp\/v2\/posts"}],"about":[{"href":"https:\/\/mexicopublica.mx\/en\/wp-json\/wp\/v2\/types\/post"}],"author":[{"embeddable":true,"href":"https:\/\/mexicopublica.mx\/en\/wp-json\/wp\/v2\/users\/1"}],"replies":[{"embeddable":true,"href":"https:\/\/mexicopublica.mx\/en\/wp-json\/wp\/v2\/comments?post=47028"}],"version-history":[{"count":1,"href":"https:\/\/mexicopublica.mx\/en\/wp-json\/wp\/v2\/posts\/47028\/revisions"}],"predecessor-version":[{"id":47030,"href":"https:\/\/mexicopublica.mx\/en\/wp-json\/wp\/v2\/posts\/47028\/revisions\/47030"}],"wp:featuredmedia":[{"embeddable":true,"href":"https:\/\/mexicopublica.mx\/en\/wp-json\/wp\/v2\/media\/47029"}],"wp:attachment":[{"href":"https:\/\/mexicopublica.mx\/en\/wp-json\/wp\/v2\/media?parent=47028"}],"wp:term":[{"taxonomy":"category","embeddable":true,"href":"https:\/\/mexicopublica.mx\/en\/wp-json\/wp\/v2\/categories?post=47028"},{"taxonomy":"post_tag","embeddable":true,"href":"https:\/\/mexicopublica.mx\/en\/wp-json\/wp\/v2\/tags?post=47028"}],"curies":[{"name":"wp","href":"https:\/\/api.w.org\/{rel}","templated":true}]}}